{"id":3385,"date":"2013-05-21T16:26:07","date_gmt":"2013-05-21T16:26:07","guid":{"rendered":"https:\/\/www.eltemplodelplacer.com\/blog\/?p=3385"},"modified":"2016-06-13T18:45:26","modified_gmt":"2016-06-13T16:45:26","slug":"orgullo-y-amor-mala-combinacion","status":"publish","type":"post","link":"https:\/\/www.eltemplodelplacer.com\/blog\/orgullo-y-amor-mala-combinacion\/","title":{"rendered":"Orgullo y amor: mala combinaci\u00f3n"},"content":{"rendered":"<p><img loading=\"lazy\" src=\"https:\/\/www.eltemplodelplacer.com\/blog\/wp-content\/uploads\/2013\/05\/10.jpg\" alt=\"orgullo y amor\" width=\"657\" height=\"366\" class=\"alignnone size-full wp-image-5453\" srcset=\"https:\/\/www.eltemplodelplacer.com\/blog\/wp-content\/uploads\/2013\/05\/10.jpg 657w, https:\/\/www.eltemplodelplacer.com\/blog\/wp-content\/uploads\/2013\/05\/10-300x167.jpg 300w\" sizes=\"(max-width: 657px) 100vw, 657px\" \/><\/p>\r\n\r\n\r\n<p>No soy muy partidario de actuar bajo la influencia del orgullo en casi nunca situaci\u00f3n de la vida pero mucho menos en lo que al amor se refiere.<\/p>\r\n\r\n<p>Cuando dudo si hacer algo o no hacerlo, o decir algo o no decirlo, intento pensar en las consecuencias positivas \u00a0que es acto puede repercutirme e intento abstraerme de lo que vayan a pensar de los dem\u00e1s.<\/p>\r\n\r\n<p>Yo soy un gran amante de las citas y sobre el orgullo hay much\u00edsimas y muy buenas pero si tuviera que quedarme con una elegir\u00eda esa que dice: \u201cEl orgullo no es m\u00e1s que una estupidez apoyada con razonamientos\u201d. Y lo que me lleva a pensar que no estoy muy equivocado es que lo que m\u00e1s irrita a los orgullosos es el orgullo de los dem\u00e1s.<\/p>\r\n\r\n\r\n<p>En el caso de las mujeres, har\u00eda una peque\u00f1a excepci\u00f3n, Jacinto Benavente lo explica mejor que nadie cuando dice que si se le quita la vanidad a las mujeres, habremos suprimido la mitad, por lo menos, de ambici\u00f3n en los hombres. Aunque vanidad y orgullo, no sean exactamente lo mismo.<\/p>\r\n\r\n\r\n<p>Hay quien piensa que la vanidad es tan fant\u00e1stica, que hasta nos induce a preocuparnos de lo que pensar\u00e1n de nosotros una vez muertos y enterrados. A m\u00ed me parece una tonter\u00eda may\u00fascula. Todos ser\u00edamos mucho m\u00e1s felices si actu\u00e1semos sin el miedo al qu\u00e9 dir\u00e1n. Y en esta vida se trata de ser feliz.<\/p>\r\n\r\n\r\n<p>El orgullo nos impide hacer cosas que nos hacen felices por temor a lo que pensar\u00e1 la otra parte implicada, \u00bfy qu\u00e9?. Y qu\u00e9 si se piensa que le quieres, y qu\u00e9 si piensa que te preocupas, y qu\u00e9 si cree que haces lo que sea para estar a su lado, y qu\u00e9 si deduce por tu comportamiento que vas a estar ah\u00ed siempre, \u00bfqu\u00e9 tiene de malo? El problema lo tendr\u00e1 la otra persona pero no t\u00fa. Cuando se hacen las cosas de coraz\u00f3n lo \u00fanico de lo que podemos estar seguros \u00a0es de que no nos estamos equivocando, y creo que eso ya es mucho.<\/p>\r\n\r\n<p>A mis amigos orgullosos, que tengo unos cuantos, siempre les digo que el orgullo est\u00e1 muy bien pero que no te lo encuentras\u00a0 cuando te das la vuelta en la cama y le quieres abrazar.<\/p>\r\n\r\n<p>Pero tampoco me hag\u00e1is mucho caso porque como dec\u00eda Alejandro Domina, yo tengo mucho cuidado con los pensamientos de orgullo propio porque conozco a tantos idiotas que se creen que tienen la raz\u00f3n que qui\u00e9n me asegura a m\u00ed que no soy yo uno m\u00e1s de ellos.<\/p>\r\n\r\n","protected":false},"excerpt":{"rendered":"<p>No soy muy partidario de actuar bajo la influencia del orgullo en casi nunca situaci\u00f3n de la vida pero mucho menos en lo que al amor se refiere. Cuando dudo si hacer algo o no hacerlo, o decir algo o no decirlo, intento pensar en las consecuencias positivas \u00a0que es acto puede repercutirme e intento [&hellip;]<\/p>\n","protected":false},"author":6,"featured_media":0,"comment_status":"open","ping_status":"open","sticky":false,"template":"","format":"standard","meta":[],"categories":[24],"tags":[],"_links":{"self":[{"href":"https:\/\/www.eltemplodelplacer.com\/blog\/wp-json\/wp\/v2\/posts\/3385"}],"collection":[{"href":"https:\/\/www.eltemplodelplacer.com\/blog\/wp-json\/wp\/v2\/posts"}],"about":[{"href":"https:\/\/www.eltemplodelplacer.com\/blog\/wp-json\/wp\/v2\/types\/post"}],"author":[{"embeddable":true,"href":"https:\/\/www.eltemplodelplacer.com\/blog\/wp-json\/wp\/v2\/users\/6"}],"replies":[{"embeddable":true,"href":"https:\/\/www.eltemplodelplacer.com\/blog\/wp-json\/wp\/v2\/comments?post=3385"}],"version-history":[{"count":4,"href":"https:\/\/www.eltemplodelplacer.com\/blog\/wp-json\/wp\/v2\/posts\/3385\/revisions"}],"predecessor-version":[{"id":5472,"href":"https:\/\/www.eltemplodelplacer.com\/blog\/wp-json\/wp\/v2\/posts\/3385\/revisions\/5472"}],"wp:attachment":[{"href":"https:\/\/www.eltemplodelplacer.com\/blog\/wp-json\/wp\/v2\/media?parent=3385"}],"wp:term":[{"taxonomy":"category","embeddable":true,"href":"https:\/\/www.eltemplodelplacer.com\/blog\/wp-json\/wp\/v2\/categories?post=3385"},{"taxonomy":"post_tag","embeddable":true,"href":"https:\/\/www.eltemplodelplacer.com\/blog\/wp-json\/wp\/v2\/tags?post=3385"}],"curies":[{"name":"wp","href":"https:\/\/api.w.org\/{rel}","templated":true}]}}